{"id":1755,"date":"2020-11-27T23:22:11","date_gmt":"2020-11-27T21:22:11","guid":{"rendered":"https:\/\/wewasc.com\/?p=1755"},"modified":"2020-11-27T23:22:12","modified_gmt":"2020-11-27T21:22:12","slug":"1755","status":"publish","type":"post","link":"https:\/\/wewasc.com\/?p=1755","title":{"rendered":""},"content":{"rendered":"<div class='dsgvoaio_policy_shortcode'><p>&lt;h2&gt;Datenschutzerkl\u00e4rung&lt;\/h2&gt;<br \/>\nStand: 03.05.2026<br \/>\n&lt;h4 class=&#8220;has-text-align-left&#8220; style=&#8220;box-sizing: border-box;&#8220;&gt;des Western Europe Working Australian Shepherd Club e.V. (WEWASC e.V.)&lt;\/h4&gt;<br \/>\n&lt;p style=&#8220;box-sizing: border-box;&#8220;&gt;&lt;strong style=&#8220;box-sizing: border-box;&#8220;&gt;&lt;span style=&#8220;box-sizing: border-box; text-decoration: underline;&#8220;&gt;Allgemeines zur Datenverarbeitung&lt;\/span&gt;&lt;\/strong&gt;&lt;\/p&gt;<br \/>\n&lt;p style=&#8220;box-sizing: border-box;&#8220;&gt;&lt;strong style=&#8220;box-sizing: border-box;&#8220;&gt;1. Umfang der Verarbeitung personenbezogener Daten&lt;\/strong&gt;&lt;br style=&#8220;box-sizing: border-box;&#8220; \/&gt;Wir erheben und verwenden personenbezogene Daten unserer Mitglieder \/ Veranstaltungsteilnehmer grunds\u00e4tzlich nur, soweit dies zur Bereitstellung einer funktionsf\u00e4higen Webseite und zur Erf\u00fcllung des Vereinsziels erforderlich ist. Die Erhebung und Verwendung personenbezogener Daten unserer \u00a0Mitglieder \/ Veranstaltungsteilnehmer erfolgt regelm\u00e4\u00dfig nur nach Einwilligung der jeweiligen Person. Eine Ausnahme gilt in solchen F\u00e4llen, in denen eine vorherige Einholung einer Einwilligung aus tats\u00e4chlichen Gr\u00fcnden nicht m\u00f6glich ist und die Verarbeitung der Daten durch gesetzliche Vorschriften gestattet ist.&lt;\/p&gt;<br \/>\n&lt;p style=&#8220;box-sizing: border-box;&#8220;&gt;&lt;strong style=&#8220;box-sizing: border-box;&#8220;&gt;2. Rechtsgrundlage f\u00fcr die Verarbeitung personenbezogener Daten&lt;\/strong&gt;&lt;br style=&#8220;box-sizing: border-box;&#8220; \/&gt;Soweit wir f\u00fcr Verarbeitungsvorg\u00e4nge personenbezogener Daten eine Einwilligung der betroffenen Person einholen, dient Art. 6 Abs. 1 lit. a DSGVO als Rechtsgrundlage. Bei der Verarbeitung von personenbezogenen Daten, die zur Erf\u00fcllung eines Vertrages, dessen Vertragspartei die betroffene Person ist, erforderlich ist, dient Art. 6 Abs. 1 lit. b DSGVO als Rechtsgrundlage. Dies gilt auch f\u00fcr Verarbeitungsvorg\u00e4nge, die zur Durchf\u00fchrung vorvertraglicher Ma\u00dfnahmen erforderlich sind. Soweit eine Verarbeitung personenbezogener Daten zur Erf\u00fcllung einer rechtlichen Verpflichtung (gesetzliche Bestimmungen) erforderlich ist, der unser Verein unterliegt (z.B. Bundesmeldegesetze), dient Art. 6 Abs. 1 lit. c DSGVO als Rechtsgrundlage. Ist die Verarbeitung zur Wahrung eines berechtigten Interesses unseres Vereins oder eines Dritten erforderlich und \u00fcberwiegen die Interessen, Grundrechte und Grundfreiheiten des Betroffenen das erstgenannte Interesse nicht, so dient Art. 6 Abs. 1 lit. f DSGVO als Rechtsgrundlage f\u00fcr die Verarbeitung.&lt;\/p&gt;<br \/>\n&lt;p style=&#8220;box-sizing: border-box;&#8220;&gt;&lt;strong style=&#8220;box-sizing: border-box;&#8220;&gt;3. Datenl\u00f6schung und Speicherdauer&lt;\/strong&gt;&lt;br style=&#8220;box-sizing: border-box;&#8220; \/&gt;Die personenbezogenen Daten der betroffenen Person werden gel\u00f6scht oder gesperrt, sobald der Zweck der Speicherung entf\u00e4llt. Eine Speicherung kann dar\u00fcber hinaus erfolgen, wenn dies durch den europ\u00e4ischen oder nationalen Gesetzgeber in unionsrechtlichen Verordnungen, Gesetzen oder sonstigen Vorschriften, denen der Verantwortliche unterliegt, vorgesehen wurde. Eine Sperrung oder L\u00f6schung der Daten erfolgt auch dann, wenn eine durch die genannten Normen vorgeschriebene Speicherfrist abl\u00e4uft, es sei denn, dass eine Erforderlichkeit zur weiteren Speicherung der Daten f\u00fcr die Erf\u00fcllung des Vereinsziels besteht.&lt;\/p&gt;<br \/>\n&lt;p style=&#8220;box-sizing: border-box;&#8220;&gt;&lt;strong style=&#8220;box-sizing: border-box;&#8220;&gt;&lt;span style=&#8220;box-sizing: border-box; text-decoration: underline;&#8220;&gt;Verwendung von Cookies&lt;\/span&gt;&lt;br style=&#8220;box-sizing: border-box;&#8220; \/&gt;&lt;\/strong&gt;&lt;\/p&gt;<br \/>\n&lt;p style=&#8220;box-sizing: border-box;&#8220;&gt;&lt;strong style=&#8220;box-sizing: border-box;&#8220;&gt;1. Beschreibung und Umfang der Datenverarbeitung&lt;\/strong&gt;&lt;br style=&#8220;box-sizing: border-box;&#8220; \/&gt;Cookies sind kleine Dateien, die es uns erm\u00f6glichen, auf Ihrem \u00a0Rechner spezifische, auf Sie, den Nutzer, bezogene Informationen zu \u00a0speichern, w\u00e4hrend Sie eine unserer Webseite besuchen.Wir verwenden sogenannte \u201eSession-Cookies\u201c, die ausschlie\u00dflich f\u00fcr \u00a0die Dauer Ihrer Nutzung unserer Internetseiten zwischengespeichert \u00a0werden. Die Session-Cookies werden auf Ihrem Datentr\u00e4ger gespeichert, um \u00a0bestimmte Einstellungen und Funktionalit\u00e4ten auf unseren Webseiten \u00fcber \u00a0Ihren Browser sicherzustellen. Die von uns verwendeten Cookies werden \u00a0nach dem Ende der Browser-Sitzung, also nach Schlie\u00dfen Ihres Browsers, \u00a0wieder gel\u00f6scht.Wir verwenden auf unserer Webseite keine Cookies zur Analyse des Surfverhaltens der Nutzer.&lt;br style=&#8220;box-sizing: border-box;&#8220; \/&gt;&lt;br style=&#8220;box-sizing: border-box;&#8220; \/&gt;&lt;strong style=&#8220;box-sizing: border-box;&#8220;&gt;2. Rechtsgrundlage f\u00fcr die\u00a0Datenverarbeitung&lt;\/strong&gt;&lt;br style=&#8220;box-sizing: border-box;&#8220; \/&gt;Die Rechtsgrundlage f\u00fcr die Verarbeitung personenbezogener Daten unter Verwendung von Cookies ist Art. 6 Abs. 1 lit. f DSGVO.&lt;\/p&gt;<br \/>\n&lt;p style=&#8220;box-sizing: border-box;&#8220;&gt;&lt;strong style=&#8220;box-sizing: border-box;&#8220;&gt;3. Zweck der\u00a0Datenverarbeitung&lt;\/strong&gt;&lt;br style=&#8220;box-sizing: border-box;&#8220; \/&gt;Session Cookies vereinfachen die Nutzung unserer Website&lt;\/p&gt;<br \/>\n&lt;p style=&#8220;box-sizing: border-box;&#8220;&gt;&lt;strong style=&#8220;box-sizing: border-box;&#8220;&gt;4. Dauer der Speicherung, Widerspruchs- und Beseitigungsm\u00f6glichkeit&lt;\/strong&gt;&lt;br style=&#8220;box-sizing: border-box;&#8220; \/&gt;Cookies werden auf dem Rechner des Nutzers gespeichert und von diesem an \u00a0unserer Seite \u00fcbermittelt. Daher haben Sie als Nutzer auch die volle \u00a0Kontrolle \u00fcber die Verwendung von Cookies. Durch eine \u00c4nderung der \u00a0Einstellungen in Ihrem Internetbrowser k\u00f6nnen Sie die \u00dcbertragung von \u00a0Cookies deaktivieren oder einschr\u00e4nken. Bereits gespeicherte Cookies \u00a0k\u00f6nnen jederzeit gel\u00f6scht werden. Dies kann auch automatisiert erfolgen. \u00a0Werden Cookies f\u00fcr unsere Website deaktiviert, k\u00f6nnen m\u00f6glicherweise \u00a0nicht mehr alle Funktionen der Website vollumf\u00e4nglich genutzt werden.&lt;\/p&gt;<br \/>\n&lt;p style=&#8220;box-sizing: border-box;&#8220;&gt;&lt;strong style=&#8220;box-sizing: border-box;&#8220;&gt;&lt;span style=&#8220;box-sizing: border-box; text-decoration: underline;&#8220;&gt;E-Mail-Kontakt&lt;\/span&gt;&lt;\/strong&gt;&lt;\/p&gt;<br \/>\n&lt;p style=&#8220;box-sizing: border-box;&#8220;&gt;&lt;br style=&#8220;box-sizing: border-box;&#8220; \/&gt;&lt;strong style=&#8220;box-sizing: border-box;&#8220;&gt;1. Beschreibung und Umfang der Datenverarbeitung&lt;\/strong&gt;&lt;br style=&#8220;box-sizing: border-box;&#8220; \/&gt;Eine Kontaktaufnahme mit dem Vorstand und dem webmaster des WEWASC e.V. ist \u00fcber die in der Fu\u00dfzeile dieser Website m\u00f6glich.\u00a0In diesem Fall werden die mit der E-Mail \u00fcbermittelten personenbezogenen Daten des Nutzers gespeichert.&lt;br style=&#8220;box-sizing: border-box;&#8220; \/&gt;Es verfolgt in diesem Zusammenhang keine Weitergabe der Daten an \u00a0Dritte. Die Daten werden ausschlie\u00dflich f\u00fcr die Verarbeitung der \u00a0Konversation verwendet.&lt;\/p&gt;<br \/>\n&lt;p style=&#8220;box-sizing: border-box;&#8220;&gt;&lt;br style=&#8220;box-sizing: border-box;&#8220; \/&gt;&lt;strong style=&#8220;box-sizing: border-box;&#8220;&gt;2. Rechtsgrundlage f\u00fcr die\u00a0Datenverarbeitung&lt;\/strong&gt;&lt;br style=&#8220;box-sizing: border-box;&#8220; \/&gt;Rechtsgrundlage f\u00fcr die Verarbeitung der Daten ist bei Vorliegen einer Einwilligung des Nutzers Art. 6 Abs. 1 lit. a DSGVO.Rechtsgrundlage f\u00fcr die Verarbeitung der Daten, die im Zuge einer \u00a0\u00dcbersendung einer E-Mail \u00fcbermittelt werden, ist Art. 6 Abs. 1 lit. f \u00a0DSGVO.&lt;\/p&gt;<br \/>\n&lt;p style=&#8220;box-sizing: border-box;&#8220;&gt;&lt;br style=&#8220;box-sizing: border-box;&#8220; \/&gt;&lt;strong style=&#8220;box-sizing: border-box;&#8220;&gt;3. Zweck der\u00a0Datenverarbeitung&lt;\/strong&gt;&lt;br style=&#8220;box-sizing: border-box;&#8220; \/&gt;Die Verarbeitung der personenbezogenen Daten dient \u00a0uns allein zur Bearbeitung der Kontaktaufnahme. Im Falle einer \u00a0Kontaktaufnahme per E-Mail liegt hieran auch das erforderliche \u00a0berechtigte Interesse an der Verarbeitung der Daten.&lt;\/p&gt;<br \/>\n&lt;p style=&#8220;box-sizing: border-box;&#8220;&gt;&lt;strong style=&#8220;box-sizing: border-box;&#8220;&gt;4. Dauer der Speicherung&lt;\/strong&gt;&lt;br style=&#8220;box-sizing: border-box;&#8220; \/&gt;Die Daten werden gel\u00f6scht, sobald sie f\u00fcr die Erreichung des Zweckes ihrer Erhebung nicht mehr erforderlich sind. F\u00fcr die personenbezogenen Daten, die per E-Mail \u00a0\u00fcbersandt wurden, ist dies dann der Fall, wenn die jeweilige \u00a0Konversation mit dem Nutzer beendet ist. Beendet ist die Konversation \u00a0dann, wenn sich aus den Umst\u00e4nden entnehmen l\u00e4sst, dass der betroffene \u00a0Sachverhalt abschlie\u00dfend gekl\u00e4rt ist.&lt;\/p&gt;<br \/>\n&lt;p style=&#8220;box-sizing: border-box;&#8220;&gt;&lt;strong style=&#8220;box-sizing: border-box;&#8220;&gt;4. Widerspruchs- und Beseitigungsm\u00f6glichkeit&lt;\/strong&gt;&lt;br style=&#8220;box-sizing: border-box;&#8220; \/&gt;Der Nutzer hat jederzeit die M\u00f6glichkeit, seine Einwilligung zur \u00a0Verarbeitung der personenbezogenen Daten zu widerrufen. Nimmt der Nutzer \u00a0per E-Mail-Kontakt mit uns auf, so kann er der Speicherung seiner \u00a0personenbezogenen Daten jederzeit widersprechen. In einem solchen Fall \u00a0kann die Konversation nicht fortgef\u00fchrt werden. Der Widerruf kann \u00a0formfrei erfolgen und sollte an den Verantwortlichen gerichtet werden.Alle personenbezogenen Daten, die im Zuge der Kontaktaufnahme gespeichert wurden, werden in diesem Fall gel\u00f6scht.&lt;\/p&gt;<br \/>\n&lt;p style=&#8220;box-sizing: border-box;&#8220;&gt;&lt;strong style=&#8220;box-sizing: border-box;&#8220;&gt;&lt;span style=&#8220;box-sizing: border-box; text-decoration: underline;&#8220;&gt;Ihre Rechte&lt;\/span&gt;&lt;\/strong&gt;&lt;br style=&#8220;box-sizing: border-box;&#8220; \/&gt;Werden Ihre personenbezogenen Daten verarbeitet, sind Sie Betroffener i.S.d. DSGVO und es stehen Ihnen folgende Rechte gegen\u00fcber dem Verantwortlichen zu:&lt;br style=&#8220;box-sizing: border-box;&#8220; \/&gt;&lt;br style=&#8220;box-sizing: border-box;&#8220; \/&gt;Sie haben ein Recht auf Auskunft \u00fcber die zu Ihrer Person gespeicherten personenbezogenen Daten, \u00fcber die Zwecke der Verarbeitung, \u00fcber eventuelle \u00dcbermittlungen an andere Stellen und \u00fcber die Dauer der Speicherung.&lt;br style=&#8220;box-sizing: border-box;&#8220; \/&gt;&lt;br style=&#8220;box-sizing: border-box;&#8220; \/&gt;Sollten Daten unrichtig sein oder f\u00fcr die Zwecke, f\u00fcr die sie erhoben worden sind, nicht mehr erforderlich sein, k\u00f6nnen Sie die Berichtigung, L\u00f6schung oder Einschr\u00e4nkung der Verarbeitung verlangen. Soweit in den Verarbeitungsverfahren vorgesehen, k\u00f6nnen Sie Ihre Daten auch selbst einsehen und ggf. korrigieren.&lt;br style=&#8220;box-sizing: border-box;&#8220; \/&gt;&lt;br style=&#8220;box-sizing: border-box;&#8220; \/&gt;Sollten sich aus Ihrer besonderen pers\u00f6nlichen Situation Gr\u00fcnde gegen eine Verarbeitung Ihrer personenbezogenen Daten ergeben, k\u00f6nnen Sie, soweit die Verarbeitung auf ein berechtigtes Interesse gest\u00fctzt ist, dieser widersprechen. Der Verantwortliche verarbeitet die Sie betreffenden personenbezogenen Daten nicht mehr, es sei denn, er kann zwingende schutzw\u00fcrdige Gr\u00fcnde f\u00fcr die Verarbeitung nachweisen, die Ihre Interessen, Rechte und Freiheiten \u00fcberwiegen, oder die Verarbeitung dient der Geltendmachung, Aus\u00fcbung oder Verteidigung von Rechtsanspr\u00fcchen.&lt;br style=&#8220;box-sizing: border-box;&#8220; \/&gt;&lt;br style=&#8220;box-sizing: border-box;&#8220; \/&gt;Sie haben das Recht, Ihre datenschutzrechtliche Einwilligungserkl\u00e4rung jederzeit zu widerrufen. Durch den Widerruf der Einwilligung wird die Rechtm\u00e4\u00dfigkeit der aufgrund der Einwilligung bis zum Widerruf erfolgten Verarbeitung nicht ber\u00fchrt. Der Widerruf hat schriftlich zu erfolgen.&lt;br style=&#8220;box-sizing: border-box;&#8220; \/&gt;&lt;br style=&#8220;box-sizing: border-box;&#8220; \/&gt;Bei Fragen zu Ihren Rechten und zur Wahrnehmung Ihrer Rechte wenden Sie sich bitte an:&lt;\/p&gt;<br \/>\n&lt;p style=&#8220;box-sizing: border-box;&#8220;&gt;&lt;strong style=&#8220;box-sizing: border-box;&#8220;&gt;WEWASC e.V., in Vertretung die 1. Vositzende Sandra Zilch, Haibacherstr. 118,\u00a0&lt;\/strong&gt;&lt;br style=&#8220;box-sizing: border-box;&#8220; \/&gt;&lt;strong style=&#8220;box-sizing: border-box;&#8220;&gt;63768 H\u00f6sbach, Tel: +49 (0) 6021 69689, Mobil: +49 (0) 160 6116532, president@wewasc.com; \u00a0&lt;\/strong&gt;&lt;br style=&#8220;box-sizing: border-box;&#8220; \/&gt;In Vertretung der 1. Vorsitzenden: die Vizepr\u00e4sidentin Susanne Schwarzmann, 2603 Felixdorf; vicepresident@wewasc.com&lt;\/p&gt;<br \/>\n&lt;p style=&#8220;box-sizing: border-box;&#8220;&gt;&lt;strong style=&#8220;box-sizing: border-box;&#8220;&gt;&lt;span style=&#8220;box-sizing: border-box; text-decoration: underline;&#8220;&gt;Recht auf Beschwerde bei einer Aufsichtsbeh\u00f6rde&lt;\/span&gt;&lt;\/strong&gt;&lt;\/p&gt;<br \/>\n&lt;p style=&#8220;box-sizing: border-box;&#8220;&gt;&lt;br style=&#8220;box-sizing: border-box;&#8220; \/&gt;Als betroffene Person haben Sie unbeschadet eines anderweitigen verwaltungsrechtlichen oder gerichtlichen Rechtsbehelfs das Recht auf Beschwerde bei einer Aufsichtsbeh\u00f6rde f\u00fcr Datenschutz, insbesondere in dem Mitgliedstaat ihres Aufenthaltsorts oder des Orts des mutma\u00dflichen Versto\u00dfes, wenn Sie der Ansicht sind, dass die Verarbeitung der Sie betreffenden personenbezogenen Daten gegen den Datenschutz verst\u00f6\u00dft.&lt;br style=&#8220;box-sizing: border-box;&#8220; \/&gt;&lt;br style=&#8220;box-sizing: border-box;&#8220; \/&gt;Die Aufsichtsbeh\u00f6rde, bei der die Beschwerde eingereicht wird, unterrichtet Sie \u00fcber den Stand und die Ergebnisse Ihrer Beschwerde einschlie\u00dflich der M\u00f6glichkeit eines gerichtlichen Rechtsbehelfs.&lt;br style=&#8220;box-sizing: border-box;&#8220; \/&gt;&lt;br style=&#8220;box-sizing: border-box;&#8220; \/&gt;Mehr Informationen finden Sie auf der Internetseite des Bundesbeauftragten f\u00fcr den Datenschutz und die Informationsfreiheit.&lt;\/p&gt;<\/p>\n<p>&lt;h3&gt;Allgemeine Cookies&lt;\/h3&gt;<br \/>\nDie nachfolgenden Cookies z\u00e4hlen zu den technisch notwendigen Cookies.<\/p>\n<p>&lt;b&gt;Cookies von WordPress&lt;\/b&gt;<br \/>\n&lt;table style=&#8220;width: 100%;&#8220;&gt;<br \/>\n&lt;tbody&gt;<br \/>\n&lt;tr&gt;<br \/>\n&lt;th&gt;Name&lt;\/th&gt;<br \/>\n&lt;th&gt;Zweck&lt;\/th&gt;<br \/>\n&lt;th&gt;G\u00fcltigkeit&lt;\/th&gt;<br \/>\n&lt;\/tr&gt;<br \/>\n&lt;tr&gt;<br \/>\n&lt;td&gt;wordpress_test_cookie&lt;\/td&gt;<br \/>\n&lt;td&gt;Dieses Cookie ermittelt, ob die Verwendung von Cookies im Browser deaktiviert wurde. Speicherdauer: Bis zum Ende der Browsersitzung (wird beim Schlie\u00dfen Ihres Internet-Browsers gel\u00f6scht).&lt;\/td&gt;<br \/>\n&lt;td&gt;Session&lt;\/td&gt;<br \/>\n&lt;\/tr&gt;<br \/>\n&lt;tr&gt;<br \/>\n&lt;td&gt;PHPSESSID&lt;\/td&gt;<br \/>\n&lt;td&gt;Dieses Cookie speichert Ihre aktuelle Sitzung mit Bezug auf PHP-Anwendungen und gew\u00e4hrleistet so, dass alle Funktionen dieser Website, die auf der PHP-Programmiersprache basieren, vollst\u00e4ndig angezeigt werden k\u00f6nnen. Speicherdauer: Bis zum Ende der Browsersitzung (wird beim Schlie\u00dfen Ihres Internet-Browsers gel\u00f6scht).&lt;\/td&gt;<br \/>\n&lt;td&gt;Session&lt;\/td&gt;<br \/>\n&lt;\/tr&gt;<br \/>\n&lt;tr&gt;<br \/>\n&lt;td&gt;wordpress_akm_mobile&lt;\/td&gt;<br \/>\n&lt;td&gt;Diese Cookies werden nur f\u00fcr den Verwaltungsbereich von WordPress verwendet.&lt;\/td&gt;<br \/>\n&lt;td&gt;1 Jahr&lt;\/td&gt;<br \/>\n&lt;\/tr&gt;<br \/>\n&lt;tr&gt;<br \/>\n&lt;td&gt;wordpress_logged_in_akm_mobile&lt;\/td&gt;<br \/>\n&lt;td&gt;Diese Cookies werden nur f\u00fcr den Verwaltungsbereich von WordPress verwendet und gelten f\u00fcr andere Seitenbesucher nicht.&lt;\/td&gt;<br \/>\n&lt;td&gt;Session&lt;\/td&gt;<br \/>\n&lt;\/tr&gt;<br \/>\n&lt;tr&gt;<br \/>\n&lt;td&gt;wp-settings-akm_mobile&lt;\/td&gt;<br \/>\n&lt;td&gt;Diese Cookies werden nur f\u00fcr den Verwaltungsbereich von WordPress verwendet und gelten f\u00fcr andere Seitenbesucher nicht.&lt;\/td&gt;<br \/>\n&lt;td&gt;Session&lt;\/td&gt;<br \/>\n&lt;\/tr&gt;<br \/>\n&lt;tr&gt;<br \/>\n&lt;td&gt;wp-settings-time-akm_mobile&lt;\/td&gt;<br \/>\n&lt;td&gt;Diese Cookies werden nur f\u00fcr den Verwaltungsbereich von WordPress verwendet und gelten f\u00fcr andere Seitenbesucher nicht.&lt;\/td&gt;<br \/>\n&lt;td&gt;Session&lt;\/td&gt;<br \/>\n&lt;\/tr&gt;<br \/>\n&lt;tr&gt;<br \/>\n&lt;td&gt;ab&lt;\/td&gt;<br \/>\n&lt;td&gt;wird f\u00fcr A\/B-Tests von neuen Funktionen verwendet.&lt;\/td&gt;<br \/>\n&lt;td&gt;Session&lt;\/td&gt;<br \/>\n&lt;\/tr&gt;<br \/>\n&lt;tr&gt;<br \/>\n&lt;td&gt;akm_mobile&lt;\/td&gt;<br \/>\n&lt;td&gt;speichert, ob der Besucher die Mobilversion einer Website angezeigt bekommen m\u00f6chte.&lt;\/td&gt;<br \/>\n&lt;td&gt;1 Tag&lt;\/td&gt;<br \/>\n&lt;\/tr&gt;<br \/>\n&lt;\/tbody&gt;<br \/>\n&lt;\/table&gt;<br \/>\n<p><b>Cookies von DSGVO AIO for WordPress<\/b><\/p>\n<table style=\"width:100%\">\n<tr>\n<th>Name<\/th>\n<th>Zweck<\/th>\n<th>G\u00fcltigkeit<\/th>\n<\/tr>\n<tr>\n<td>dsgvoaio<\/td>\n<td>Dieser LocalStorage Key \/ Wert speichert welchen Diensten der Nutzer zugestimmt hat oder nicht.<\/td>\n<td>variabel<\/td>\n<\/tr>\n<tr>\n<td>_uniqueuid<\/td>\n<td>Dieser LocalStorage Key \/ Wert speichert eine generierte ID sodass die Opt-in \/ Opt-out Aktionen des Nutzers dokumentiert werden k\u00f6nnen. Die ID wird anonymisiert gespeichert.<\/td>\n<td>variabel<\/td>\n<\/tr>\n<tr>\n<td>dsgvoaio_create<\/td>\n<td>Dieser LocalStorage Key \/ Wert speichert den Zeitpunkt an dem _uniqueuid generiert wurde.<\/td>\n<td>variabel<\/td>\n<\/tr>\n<tr>\n<td>dsgvoaio_vgwort_disable<\/td>\n<td>Dieser LocalStorage Key \/ Wert speichert ob der Dienst VG Wort Standard zugelassen wird oder nicht (Einstellung des Seitenbetreibers).<\/td>\n<td>variabel<\/td>\n<\/tr>\n<tr>\n<td>dsgvoaio_ga_disable<\/td>\n<td>Dieser LocalStorage Key \/ Wert speichert ob der Dienst Google Analytics Standard zugelassen wird oder nicht (Einstellung des Seitenbetreibers).<\/td>\n<td>variabel<\/td>\n<\/tr>\n<\/table>\n<\/p>\n<p><\/p><p>&lt;h3&gt;YouTube&lt;\/h3&gt;<br \/>\nWir verwenden auf dieser Seite des Videodienstes YouTube, der Firma YouTube, LLC, 901 Cherry Ave., San Bruno, CA 94066, USA.<\/p>\n<p>Durch das Aufrufen von Seiten unserer Webseite, die YouTube Videos integriert haben, werden Daten an YouTube \u00fcbertragen, gespeichert und ausgewertet.<br \/>\nSollten Sie ein YouTube-Konto haben und angemeldet sein, werden diese Daten Ihrem pers\u00f6nlichen Konto und den darin gespeicherten Daten zugeordnet.<\/p>\n<p>Welche Daten von Google erfasst werden und wof\u00fcr diese Daten verwendet werden, k\u00f6nnen Sie auf &lt;a class=&#8220;external&#8220; href=&#8220;https:\/\/www.google.com\/intl\/de\/policies\/privacy\/&#8220; rel=&#8220;nofollow&#8220;&gt;https:\/\/www.google.com\/intl\/de\/policies\/privacy\/&lt;\/a&gt; nachlesen.<\/p>\n<p>&lt;b&gt;Cookies von Youtube&lt;\/b&gt;<br \/>\n&lt;table style=&#8220;width: 100%;&#8220;&gt;<br \/>\n&lt;tbody&gt;<br \/>\n&lt;tr&gt;<br \/>\n&lt;th&gt;Name&lt;\/th&gt;<br \/>\n&lt;th&gt;Zweck&lt;\/th&gt;<br \/>\n&lt;th&gt;G\u00fcltigkeit&lt;\/th&gt;<br \/>\n&lt;\/tr&gt;<br \/>\n&lt;tr&gt;<br \/>\n&lt;td&gt;SID&lt;\/td&gt;<br \/>\n&lt;td&gt;Google verwendet Cookies wie das NID- und das SID-Cookie, um Werbung in Google-Produkten wie der Google-Suche individuell anzupassen. Mithilfe solcher Cookies erfasst Google zum Beispiel Ihre neuesten Suchanfragen, Ihre bisherigen Interaktionen mit den Anzeigen eines Werbetreibenden oder den Suchergebnissen und Ihre Besuche auf der Website eines Werbetreibenden. Auf diese Weise kann Google individuell zugeschnittene Werbung auf Google anzeigen. Andere Google-Produkte wie YouTube oder Doubleclick nutzen diese Cookies ebenfalls zur Auswahl relevanterer Werbung.&lt;\/td&gt;<br \/>\n&lt;td&gt;1 Jahr&lt;\/td&gt;<br \/>\n&lt;\/tr&gt;<br \/>\n&lt;tr&gt;<br \/>\n&lt;td&gt;VISITOR_INFO1_LIVE&lt;\/td&gt;<br \/>\n&lt;td&gt;Hierbei handelt es sich um ein Cookie, das YouTube setzt, um die Bandbreite des Nutzers zu berechnen. Anhand dieser Information wird bestimmt, ob der Nutzer die neue oder alte Benutzeroberfl\u00e4che des Players verwenden sollte.&lt;\/td&gt;<br \/>\n&lt;td&gt;bis zu 365 Tage&lt;\/td&gt;<br \/>\n&lt;\/tr&gt;<br \/>\n&lt;tr&gt;<br \/>\n&lt;td&gt;PREF&lt;\/td&gt;<br \/>\n&lt;td&gt;Mit diesem Cookie werden die Pr\u00e4ferenzen und sonstige Informationen des Nutzers gespeichert. Dazu z\u00e4hlen insbesondere die bevorzugte Sprache, die Anzahl der auf der Seite anzuzeigenden Suchergebnisse sowie die Entscheidung, ob der Filter SafeSearch von Google aktiviert werden soll oder nicht.&lt;\/td&gt;<br \/>\n&lt;td&gt;5 Jahre&lt;\/td&gt;<br \/>\n&lt;\/tr&gt;<br \/>\n&lt;tr&gt;<br \/>\n&lt;td&gt;APISID&lt;\/td&gt;<br \/>\n&lt;td&gt;YouTube ist eine Plattform zur Bereitstellung und Ver\u00f6ffentlichung von Videos und geh\u00f6rt zu Google. YouTube sammelt Benutzerdaten \u00fcber in Websites eingebettete Videos, die mit Profildaten aus anderen Google-Diensten zusammengef\u00fchrt werden. So kann Website-Besuchern gezielte Werbung \u00fcber eine breite Palette eigener und fremder Websites angezeigt werden.&lt;\/td&gt;<br \/>\n&lt;td&gt;10 Jahre&lt;\/td&gt;<br \/>\n&lt;\/tr&gt;<br \/>\n&lt;tr&gt;<br \/>\n&lt;td&gt;YSC&lt;\/td&gt;<br \/>\n&lt;td&gt;Dieses Cookie wird vom Videodienst YouTube auf Webseiten mit eingebetteten YouTube-Videos gesetzt.&lt;\/td&gt;<br \/>\n&lt;td&gt;1 Jahr&lt;\/td&gt;<br \/>\n&lt;\/tr&gt;<br \/>\n&lt;tr&gt;<br \/>\n&lt;td&gt;GPS&lt;\/td&gt;<br \/>\n&lt;td&gt;YouTube ist eine Plattform zur Bereitstellung und Ver\u00f6ffentlichung von Videos und geh\u00f6rt zu Google. YouTube sammelt Benutzerdaten \u00fcber in Websites eingebettete Videos, die mit Profildaten aus anderen Google-Diensten zusammengef\u00fchrt werden. So kann Website-Besuchern gezielte Werbung \u00fcber eine breite Palette eigener und fremder Websites angezeigt werden.&lt;\/td&gt;<br \/>\n&lt;td&gt;1 Tag&lt;\/td&gt;<br \/>\n&lt;\/tr&gt;<br \/>\n&lt;tr&gt;<br \/>\n&lt;td&gt;SSID&lt;\/td&gt;<br \/>\n&lt;td&gt;Quelle: OneTrust. YouTube ist eine Plattform zur Bereitstellung und Ver\u00f6ffentlichung von Videos und geh\u00f6rt zu Google. YouTube sammelt Benutzerdaten \u00fcber in Websites eingebettete Videos, die mit Profildaten aus anderen Google-Diensten zusammengef\u00fchrt werden. So kann Website-Besuchern gezielte Werbung \u00fcber eine breite Palette eigener und fremder Websites angezeigt werden.&lt;\/td&gt;<br \/>\n&lt;td&gt;1 Jahr&lt;\/td&gt;<br \/>\n&lt;\/tr&gt;<br \/>\n&lt;tr&gt;<br \/>\n&lt;td&gt;LOGIN_INFO&lt;\/td&gt;<br \/>\n&lt;td&gt;YouTube ist eine Plattform zur Bereitstellung und Ver\u00f6ffentlichung von Videos und geh\u00f6rt zu Google. YouTube sammelt Benutzerdaten \u00fcber in Websites eingebettete Videos, die mit Profildaten aus anderen Google-Diensten zusammengef\u00fchrt werden. So kann Website-Besuchern gezielte Werbung \u00fcber eine breite Palette eigener und fremder Websites angezeigt werden.&lt;\/td&gt;<br \/>\n&lt;td&gt;2 Jahre&lt;\/td&gt;<br \/>\n&lt;\/tr&gt;<br \/>\n&lt;tr&gt;<br \/>\n&lt;td&gt;SAPISID&lt;\/td&gt;<br \/>\n&lt;td&gt;Diese Domain ist Eigentum der Google Inc. Google ist zwar in erster Linie als Suchmaschine bekannt, allerdings bietet das Unternehmen eine breite Palette von Produkten und Dienstleistungen an. Haupteinnahmequelle ist jedoch die Werbung. Google verfolgt die Bewegungen der Nutzer umfassend \u2013 sowohl \u00fcber eigene Produkte und Websites als auch mit Hilfe der weltweit in Millionen von Websites integrierten vielf\u00e4ltigen Technologien.&lt;\/td&gt;<br \/>\n&lt;td&gt;1 Jahr&lt;\/td&gt;<br \/>\n&lt;\/tr&gt;<br \/>\n&lt;tr&gt;<br \/>\n&lt;td&gt;HSID&lt;\/td&gt;<br \/>\n&lt;td&gt;Wird von Google in Verbindung mit SID verwendet, um das Google-Benutzerkonto und die letzte Anmeldezeit zu \u00fcberpr\u00fcfen https:\/\/policies.google.com\/technologies\/types?hl=de&lt;\/td&gt;<br \/>\n&lt;td&gt;1 Jahr&lt;\/td&gt;<br \/>\n&lt;\/tr&gt;<br \/>\n&lt;\/tbody&gt;<br \/>\n&lt;\/table&gt;<\/p>\n<\/div>","protected":false},"excerpt":{"rendered":"","protected":false},"author":5,"featured_media":0,"comment_status":"closed","ping_status":"closed","sticky":false,"template":"","format":"standard","meta":{"footnotes":""},"categories":[1],"tags":[],"_links":{"self":[{"href":"https:\/\/wewasc.com\/index.php?rest_route=\/wp\/v2\/posts\/1755"}],"collection":[{"href":"https:\/\/wewasc.com\/index.php?rest_route=\/wp\/v2\/posts"}],"about":[{"href":"https:\/\/wewasc.com\/index.php?rest_route=\/wp\/v2\/types\/post"}],"author":[{"embeddable":true,"href":"https:\/\/wewasc.com\/index.php?rest_route=\/wp\/v2\/users\/5"}],"replies":[{"embeddable":true,"href":"https:\/\/wewasc.com\/index.php?rest_route=%2Fwp%2Fv2%2Fcomments&post=1755"}],"version-history":[{"count":1,"href":"https:\/\/wewasc.com\/index.php?rest_route=\/wp\/v2\/posts\/1755\/revisions"}],"predecessor-version":[{"id":1849,"href":"https:\/\/wewasc.com\/index.php?rest_route=\/wp\/v2\/posts\/1755\/revisions\/1849"}],"wp:attachment":[{"href":"https:\/\/wewasc.com\/index.php?rest_route=%2Fwp%2Fv2%2Fmedia&parent=1755"}],"wp:term":[{"taxonomy":"category","embeddable":true,"href":"https:\/\/wewasc.com\/index.php?rest_route=%2Fwp%2Fv2%2Fcategories&post=1755"},{"taxonomy":"post_tag","embeddable":true,"href":"https:\/\/wewasc.com\/index.php?rest_route=%2Fwp%2Fv2%2Ftags&post=1755"}],"curies":[{"name":"wp","href":"https:\/\/api.w.org\/{rel}","templated":true}]}}